{"id":216,"date":"2017-08-08T15:55:22","date_gmt":"2017-08-08T15:55:22","guid":{"rendered":"http:\/\/www.isabelleastier.com\/?p=216"},"modified":"2019-10-14T20:19:02","modified_gmt":"2019-10-14T20:19:02","slug":"la-nuit-des-femmes","status":"publish","type":"post","link":"https:\/\/www.isabelleastier.com\/index.php\/2017\/08\/08\/la-nuit-des-femmes\/","title":{"rendered":"<FONT color=\"white\"> La nuit des femmes"},"content":{"rendered":"<div id=\"pl-216\"  class=\"panel-layout\" ><div id=\"pg-216-0\"  class=\"panel-grid panel-no-style\" ><div id=\"pgc-216-0-0\"  class=\"panel-grid-cell\" ><div id=\"panel-216-0-0-0\" class=\"so-panel widget widget_sow-image panel-first-child panel-last-child\" data-index=\"0\" ><div class=\"so-widget-sow-image so-widget-sow-image-default-d6014b76747a-216\">\n\n<div class=\"sow-image-container\">\n\t\t<img decoding=\"async\" src=\"https:\/\/www.isabelleastier.com\/wp-content\/uploads\/2017\/08\/DSC_0188.jpg\" width=\"6016\" height=\"4000\" srcset=\"https:\/\/www.isabelleastier.com\/wp-content\/uploads\/2017\/08\/DSC_0188.jpg 6016w, https:\/\/www.isabelleastier.com\/wp-content\/uploads\/2017\/08\/DSC_0188-300x199.jpg 300w, https:\/\/www.isabelleastier.com\/wp-content\/uploads\/2017\/08\/DSC_0188-768x511.jpg 768w, https:\/\/www.isabelleastier.com\/wp-content\/uploads\/2017\/08\/DSC_0188-1024x681.jpg 1024w, https:\/\/www.isabelleastier.com\/wp-content\/uploads\/2017\/08\/DSC_0188-902x600.jpg 902w, https:\/\/www.isabelleastier.com\/wp-content\/uploads\/2017\/08\/DSC_0188-1600x1064.jpg 1600w, https:\/\/www.isabelleastier.com\/wp-content\/uploads\/2017\/08\/DSC_0188-272x182.jpg 272w\" sizes=\"(max-width: 6016px) 100vw, 6016px\" alt=\"\" loading=\"lazy\" \t\tclass=\"so-widget-image\"\/>\n\t<\/div>\n\n<\/div><\/div><\/div><div id=\"pgc-216-0-1\"  class=\"panel-grid-cell\" ><div id=\"panel-216-0-1-0\" class=\"so-panel widget widget_sow-image panel-first-child panel-last-child\" data-index=\"1\" ><div class=\"so-widget-sow-image so-widget-sow-image-default-d6014b76747a-216\">\n\n<div class=\"sow-image-container\">\n\t\t<img decoding=\"async\" src=\"https:\/\/www.isabelleastier.com\/wp-content\/uploads\/2017\/08\/DSC_0147.jpg\" width=\"6016\" height=\"4000\" srcset=\"https:\/\/www.isabelleastier.com\/wp-content\/uploads\/2017\/08\/DSC_0147.jpg 6016w, https:\/\/www.isabelleastier.com\/wp-content\/uploads\/2017\/08\/DSC_0147-300x199.jpg 300w, https:\/\/www.isabelleastier.com\/wp-content\/uploads\/2017\/08\/DSC_0147-768x511.jpg 768w, https:\/\/www.isabelleastier.com\/wp-content\/uploads\/2017\/08\/DSC_0147-1024x681.jpg 1024w, https:\/\/www.isabelleastier.com\/wp-content\/uploads\/2017\/08\/DSC_0147-902x600.jpg 902w, https:\/\/www.isabelleastier.com\/wp-content\/uploads\/2017\/08\/DSC_0147-1600x1064.jpg 1600w, https:\/\/www.isabelleastier.com\/wp-content\/uploads\/2017\/08\/DSC_0147-272x182.jpg 272w\" sizes=\"(max-width: 6016px) 100vw, 6016px\" alt=\"\" loading=\"lazy\" \t\tclass=\"so-widget-image\"\/>\n\t<\/div>\n\n<\/div><\/div><\/div><div id=\"pgc-216-0-2\"  class=\"panel-grid-cell\" ><div id=\"panel-216-0-2-0\" class=\"so-panel widget widget_sow-image panel-first-child panel-last-child\" data-index=\"2\" ><div class=\"so-widget-sow-image so-widget-sow-image-default-d6014b76747a-216\">\n\n<div class=\"sow-image-container\">\n\t\t<img decoding=\"async\" src=\"https:\/\/www.isabelleastier.com\/wp-content\/uploads\/2017\/08\/DSC_0143.jpg\" width=\"6016\" height=\"4000\" srcset=\"https:\/\/www.isabelleastier.com\/wp-content\/uploads\/2017\/08\/DSC_0143.jpg 6016w, https:\/\/www.isabelleastier.com\/wp-content\/uploads\/2017\/08\/DSC_0143-300x199.jpg 300w, https:\/\/www.isabelleastier.com\/wp-content\/uploads\/2017\/08\/DSC_0143-768x511.jpg 768w, https:\/\/www.isabelleastier.com\/wp-content\/uploads\/2017\/08\/DSC_0143-1024x681.jpg 1024w, https:\/\/www.isabelleastier.com\/wp-content\/uploads\/2017\/08\/DSC_0143-902x600.jpg 902w, https:\/\/www.isabelleastier.com\/wp-content\/uploads\/2017\/08\/DSC_0143-1600x1064.jpg 1600w, https:\/\/www.isabelleastier.com\/wp-content\/uploads\/2017\/08\/DSC_0143-272x182.jpg 272w\" sizes=\"(max-width: 6016px) 100vw, 6016px\" alt=\"\" loading=\"lazy\" \t\tclass=\"so-widget-image\"\/>\n\t<\/div>\n\n<\/div><\/div><\/div><\/div><div id=\"pg-216-1\"  class=\"panel-grid panel-no-style\" ><div id=\"pgc-216-1-0\"  class=\"panel-grid-cell panel-grid-cell-empty\" ><\/div><div id=\"pgc-216-1-1\"  class=\"panel-grid-cell panel-grid-cell-mobile-last\" ><div id=\"panel-216-1-1-0\" class=\"widget_text so-panel widget widget_custom_html panel-first-child panel-last-child\" data-index=\"3\" ><div class=\"textwidget custom-html-widget\"> <FONT color=\"white\"> Cr\u00e9\u00e9 en avril 2017, le spectacle, cr\u00e9ation originale, confronte une femme \u00ab contemporaine \u00bb \u00e0 quelques figures f\u00e9minines ressurgies du pass\u00e9 : de la belle Ot\u00e9ro \u00e0 Olympe de Gouges en passant par une r\u00e9sistante et une femme au foyer des ann\u00e9es \u00abMoulinex \u00bb.\n Sur un mode comique et enjou\u00e9, ce spectacle met en lumi\u00e8re quelques-uns des obstacles qui s\u2019opposent aujourd\u2019hui encore \u00e0 une v\u00e9ritable \u00e9mancipation des femmes. Il sugg\u00e8re diff\u00e9rents chemins qui pourraient y contribuer.\n\t Le spectacle d\u2019une dur\u00e9e d\u2019une heure vingt, peut en outre servir de support \u00e0 l\u2019organisation d\u2019une conf\u00e9rence-d\u00e9bat \u00e0 l\u2019intention de tous types de publics autour des questions li\u00e9es au statut des femmes \u00e0 travers l\u2019histoire.  <\/FONT><\/div><\/div><\/div><div id=\"pgc-216-1-2\"  class=\"panel-grid-cell panel-grid-cell-empty\" ><\/div><\/div><div id=\"pg-216-2\"  class=\"panel-grid panel-no-style\" ><div id=\"pgc-216-2-0\"  class=\"panel-grid-cell panel-grid-cell-empty\" ><\/div><div id=\"pgc-216-2-1\"  class=\"panel-grid-cell panel-grid-cell-mobile-last\" ><div id=\"panel-216-2-1-0\" class=\"so-panel widget widget_sow-button panel-first-child panel-last-child\" data-index=\"4\" ><div class=\"so-widget-sow-button so-widget-sow-button-atom-6eb7177199cb-216\"><div class=\"ow-button-base ow-button-align-center\">\n\t<a href=\"http:\/\/www.isabelleastier.com\/wp-content\/uploads\/2017\/08\/Dossier-La-Nuit-des-Femmes170522.compressed.pdf\" class=\"ow-icon-placement-left ow-button-hover\" target=\"_blank\" rel=\"noopener noreferrer\" \t\t>\n\t\t<span>\n\t\t\t<span class=\"sow-icon-fontawesome sow-far\" data-sow-icon=\"&#xf1ea;\"\n\t\tstyle=\"color: #000000\" ><\/span>\n\t\t\tDossier de Presse\t\t<\/span>\n\t<\/a>\n<\/div>\n<\/div><\/div><\/div><div id=\"pgc-216-2-2\"  class=\"panel-grid-cell panel-grid-cell-empty\" ><\/div><\/div><\/div>","protected":false},"excerpt":{"rendered":"<p>Cr\u00e9\u00e9 en avril 2017, le spectacle, cr\u00e9ation originale, confronte une femme \u00ab contemporaine \u00bb \u00e0 quelques figures f\u00e9minines ressurgies du pass\u00e9 : de la belle Ot\u00e9ro \u00e0 Olympe de Gouges en passant par une r\u00e9sistante et une femme au foyer des ann\u00e9es \u00abMoulinex \u00bb. Sur un mode comique et enjou\u00e9, ce spectacle met en lumi\u00e8re [&hellip;]<\/p>\n","protected":false},"author":1,"featured_media":220,"comment_status":"closed","ping_status":"closed","sticky":false,"template":"","format":"standard","meta":{"footnotes":""},"categories":[1],"tags":[],"yoast_head":"<!-- This site is optimized with the Yoast SEO plugin v17.2.1 - https:\/\/yoast.com\/wordpress\/plugins\/seo\/ -->\n<title>La nuit des femmes - Isabelle Astier<\/title>\n<meta name=\"robots\" content=\"index, follow, max-snippet:-1, max-image-preview:large, max-video-preview:-1\" \/>\n<link rel=\"canonical\" href=\"https:\/\/www.isabelleastier.com\/index.php\/2017\/08\/08\/la-nuit-des-femmes\/\" \/>\n<meta property=\"og:locale\" content=\"fr_FR\" \/>\n<meta property=\"og:type\" content=\"article\" \/>\n<meta property=\"og:title\" content=\"La nuit des femmes - Isabelle Astier\" \/>\n<meta property=\"og:description\" content=\"Cr\u00e9\u00e9 en avril 2017, le spectacle, cr\u00e9ation originale, confronte une femme \u00ab contemporaine \u00bb \u00e0 quelques figures f\u00e9minines ressurgies du pass\u00e9 : de la belle Ot\u00e9ro \u00e0 Olympe de Gouges en passant par une r\u00e9sistante et une femme au foyer des ann\u00e9es \u00abMoulinex \u00bb. Sur un mode comique et enjou\u00e9, ce spectacle met en lumi\u00e8re [&hellip;]\" \/>\n<meta property=\"og:url\" content=\"https:\/\/www.isabelleastier.com\/index.php\/2017\/08\/08\/la-nuit-des-femmes\/\" \/>\n<meta property=\"og:site_name\" content=\"Isabelle Astier\" \/>\n<meta property=\"article:published_time\" content=\"2017-08-08T15:55:22+00:00\" \/>\n<meta property=\"article:modified_time\" content=\"2019-10-14T20:19:02+00:00\" \/>\n<meta property=\"og:image\" content=\"http:\/\/www.isabelleastier.com\/wp-content\/uploads\/2017\/08\/DSC_0118-1024x681.jpg\" \/>\n\t<meta property=\"og:image:width\" content=\"1024\" \/>\n\t<meta property=\"og:image:height\" content=\"681\" \/>\n<meta name=\"twitter:card\" content=\"summary_large_image\" \/>\n<meta name=\"twitter:label1\" content=\"\u00c9crit par\" \/>\n\t<meta name=\"twitter:data1\" content=\"isabelle\" \/>\n<script type=\"application\/ld+json\" class=\"yoast-schema-graph\">{\"@context\":\"https:\/\/schema.org\",\"@graph\":[{\"@type\":\"WebSite\",\"@id\":\"https:\/\/www.isabelleastier.com\/#website\",\"url\":\"https:\/\/www.isabelleastier.com\/\",\"name\":\"Isabelle Astier\",\"description\":\"\",\"publisher\":{\"@id\":\"https:\/\/www.isabelleastier.com\/#\/schema\/person\/d7c3df3ea0b25663d696b7832336bb1f\"},\"potentialAction\":[{\"@type\":\"SearchAction\",\"target\":{\"@type\":\"EntryPoint\",\"urlTemplate\":\"https:\/\/www.isabelleastier.com\/?s={search_term_string}\"},\"query-input\":\"required name=search_term_string\"}],\"inLanguage\":\"fr-FR\"},{\"@type\":\"ImageObject\",\"@id\":\"https:\/\/www.isabelleastier.com\/index.php\/2017\/08\/08\/la-nuit-des-femmes\/#primaryimage\",\"inLanguage\":\"fr-FR\",\"url\":\"https:\/\/www.isabelleastier.com\/wp-content\/uploads\/2017\/08\/DSC_0118.jpg\",\"contentUrl\":\"https:\/\/www.isabelleastier.com\/wp-content\/uploads\/2017\/08\/DSC_0118.jpg\",\"width\":5787,\"height\":3847},{\"@type\":\"WebPage\",\"@id\":\"https:\/\/www.isabelleastier.com\/index.php\/2017\/08\/08\/la-nuit-des-femmes\/#webpage\",\"url\":\"https:\/\/www.isabelleastier.com\/index.php\/2017\/08\/08\/la-nuit-des-femmes\/\",\"name\":\"La nuit des femmes - Isabelle Astier\",\"isPartOf\":{\"@id\":\"https:\/\/www.isabelleastier.com\/#website\"},\"primaryImageOfPage\":{\"@id\":\"https:\/\/www.isabelleastier.com\/index.php\/2017\/08\/08\/la-nuit-des-femmes\/#primaryimage\"},\"datePublished\":\"2017-08-08T15:55:22+00:00\",\"dateModified\":\"2019-10-14T20:19:02+00:00\",\"breadcrumb\":{\"@id\":\"https:\/\/www.isabelleastier.com\/index.php\/2017\/08\/08\/la-nuit-des-femmes\/#breadcrumb\"},\"inLanguage\":\"fr-FR\",\"potentialAction\":[{\"@type\":\"ReadAction\",\"target\":[\"https:\/\/www.isabelleastier.com\/index.php\/2017\/08\/08\/la-nuit-des-femmes\/\"]}]},{\"@type\":\"BreadcrumbList\",\"@id\":\"https:\/\/www.isabelleastier.com\/index.php\/2017\/08\/08\/la-nuit-des-femmes\/#breadcrumb\",\"itemListElement\":[{\"@type\":\"ListItem\",\"position\":1,\"name\":\"Accueil\",\"item\":\"https:\/\/www.isabelleastier.com\/\"},{\"@type\":\"ListItem\",\"position\":2,\"name\":\"La nuit des femmes\"}]},{\"@type\":\"Article\",\"@id\":\"https:\/\/www.isabelleastier.com\/index.php\/2017\/08\/08\/la-nuit-des-femmes\/#article\",\"isPartOf\":{\"@id\":\"https:\/\/www.isabelleastier.com\/index.php\/2017\/08\/08\/la-nuit-des-femmes\/#webpage\"},\"author\":{\"@id\":\"https:\/\/www.isabelleastier.com\/#\/schema\/person\/d7c3df3ea0b25663d696b7832336bb1f\"},\"headline\":\"La nuit des femmes\",\"datePublished\":\"2017-08-08T15:55:22+00:00\",\"dateModified\":\"2019-10-14T20:19:02+00:00\",\"mainEntityOfPage\":{\"@id\":\"https:\/\/www.isabelleastier.com\/index.php\/2017\/08\/08\/la-nuit-des-femmes\/#webpage\"},\"wordCount\":49,\"publisher\":{\"@id\":\"https:\/\/www.isabelleastier.com\/#\/schema\/person\/d7c3df3ea0b25663d696b7832336bb1f\"},\"image\":{\"@id\":\"https:\/\/www.isabelleastier.com\/index.php\/2017\/08\/08\/la-nuit-des-femmes\/#primaryimage\"},\"thumbnailUrl\":\"https:\/\/www.isabelleastier.com\/wp-content\/uploads\/2017\/08\/DSC_0118.jpg\",\"articleSection\":[\"Uncategorized\"],\"inLanguage\":\"fr-FR\"},{\"@type\":[\"Person\",\"Organization\"],\"@id\":\"https:\/\/www.isabelleastier.com\/#\/schema\/person\/d7c3df3ea0b25663d696b7832336bb1f\",\"name\":\"isabelle\",\"image\":{\"@type\":\"ImageObject\",\"@id\":\"https:\/\/www.isabelleastier.com\/#personlogo\",\"inLanguage\":\"fr-FR\",\"url\":\"https:\/\/secure.gravatar.com\/avatar\/79ee911a27ab0aaa43be321997ecb101?s=96&d=mm&r=g\",\"contentUrl\":\"https:\/\/secure.gravatar.com\/avatar\/79ee911a27ab0aaa43be321997ecb101?s=96&d=mm&r=g\",\"caption\":\"isabelle\"},\"logo\":{\"@id\":\"https:\/\/www.isabelleastier.com\/#personlogo\"}}]}<\/script>\n<!-- \/ Yoast SEO plugin. -->","yoast_head_json":{"title":"La nuit des femmes - Isabelle Astier","robots":{"index":"index","follow":"follow","max-snippet":"max-snippet:-1","max-image-preview":"max-image-preview:large","max-video-preview":"max-video-preview:-1"},"canonical":"https:\/\/www.isabelleastier.com\/index.php\/2017\/08\/08\/la-nuit-des-femmes\/","og_locale":"fr_FR","og_type":"article","og_title":"La nuit des femmes - Isabelle Astier","og_description":"Cr\u00e9\u00e9 en avril 2017, le spectacle, cr\u00e9ation originale, confronte une femme \u00ab contemporaine \u00bb \u00e0 quelques figures f\u00e9minines ressurgies du pass\u00e9 : de la belle Ot\u00e9ro \u00e0 Olympe de Gouges en passant par une r\u00e9sistante et une femme au foyer des ann\u00e9es \u00abMoulinex \u00bb. Sur un mode comique et enjou\u00e9, ce spectacle met en lumi\u00e8re [&hellip;]","og_url":"https:\/\/www.isabelleastier.com\/index.php\/2017\/08\/08\/la-nuit-des-femmes\/","og_site_name":"Isabelle Astier","article_published_time":"2017-08-08T15:55:22+00:00","article_modified_time":"2019-10-14T20:19:02+00:00","og_image":[{"width":1024,"height":681,"path":"2017\/08\/DSC_0118-1024x681.jpg","url":"http:\/\/www.isabelleastier.com\/wp-content\/uploads\/2017\/08\/DSC_0118-1024x681.jpg","size":"large","id":220,"alt":"","pixels":697344,"type":"image\/jpeg"}],"twitter_card":"summary_large_image","twitter_misc":{"\u00c9crit par":"isabelle"},"schema":{"@context":"https:\/\/schema.org","@graph":[{"@type":"WebSite","@id":"https:\/\/www.isabelleastier.com\/#website","url":"https:\/\/www.isabelleastier.com\/","name":"Isabelle Astier","description":"","publisher":{"@id":"https:\/\/www.isabelleastier.com\/#\/schema\/person\/d7c3df3ea0b25663d696b7832336bb1f"},"potentialAction":[{"@type":"SearchAction","target":{"@type":"EntryPoint","urlTemplate":"https:\/\/www.isabelleastier.com\/?s={search_term_string}"},"query-input":"required name=search_term_string"}],"inLanguage":"fr-FR"},{"@type":"ImageObject","@id":"https:\/\/www.isabelleastier.com\/index.php\/2017\/08\/08\/la-nuit-des-femmes\/#primaryimage","inLanguage":"fr-FR","url":"https:\/\/www.isabelleastier.com\/wp-content\/uploads\/2017\/08\/DSC_0118.jpg","contentUrl":"https:\/\/www.isabelleastier.com\/wp-content\/uploads\/2017\/08\/DSC_0118.jpg","width":5787,"height":3847},{"@type":"WebPage","@id":"https:\/\/www.isabelleastier.com\/index.php\/2017\/08\/08\/la-nuit-des-femmes\/#webpage","url":"https:\/\/www.isabelleastier.com\/index.php\/2017\/08\/08\/la-nuit-des-femmes\/","name":"La nuit des femmes - Isabelle Astier","isPartOf":{"@id":"https:\/\/www.isabelleastier.com\/#website"},"primaryImageOfPage":{"@id":"https:\/\/www.isabelleastier.com\/index.php\/2017\/08\/08\/la-nuit-des-femmes\/#primaryimage"},"datePublished":"2017-08-08T15:55:22+00:00","dateModified":"2019-10-14T20:19:02+00:00","breadcrumb":{"@id":"https:\/\/www.isabelleastier.com\/index.php\/2017\/08\/08\/la-nuit-des-femmes\/#breadcrumb"},"inLanguage":"fr-FR","potentialAction":[{"@type":"ReadAction","target":["https:\/\/www.isabelleastier.com\/index.php\/2017\/08\/08\/la-nuit-des-femmes\/"]}]},{"@type":"BreadcrumbList","@id":"https:\/\/www.isabelleastier.com\/index.php\/2017\/08\/08\/la-nuit-des-femmes\/#breadcrumb","itemListElement":[{"@type":"ListItem","position":1,"name":"Accueil","item":"https:\/\/www.isabelleastier.com\/"},{"@type":"ListItem","position":2,"name":"La nuit des femmes"}]},{"@type":"Article","@id":"https:\/\/www.isabelleastier.com\/index.php\/2017\/08\/08\/la-nuit-des-femmes\/#article","isPartOf":{"@id":"https:\/\/www.isabelleastier.com\/index.php\/2017\/08\/08\/la-nuit-des-femmes\/#webpage"},"author":{"@id":"https:\/\/www.isabelleastier.com\/#\/schema\/person\/d7c3df3ea0b25663d696b7832336bb1f"},"headline":"La nuit des femmes","datePublished":"2017-08-08T15:55:22+00:00","dateModified":"2019-10-14T20:19:02+00:00","mainEntityOfPage":{"@id":"https:\/\/www.isabelleastier.com\/index.php\/2017\/08\/08\/la-nuit-des-femmes\/#webpage"},"wordCount":49,"publisher":{"@id":"https:\/\/www.isabelleastier.com\/#\/schema\/person\/d7c3df3ea0b25663d696b7832336bb1f"},"image":{"@id":"https:\/\/www.isabelleastier.com\/index.php\/2017\/08\/08\/la-nuit-des-femmes\/#primaryimage"},"thumbnailUrl":"https:\/\/www.isabelleastier.com\/wp-content\/uploads\/2017\/08\/DSC_0118.jpg","articleSection":["Uncategorized"],"inLanguage":"fr-FR"},{"@type":["Person","Organization"],"@id":"https:\/\/www.isabelleastier.com\/#\/schema\/person\/d7c3df3ea0b25663d696b7832336bb1f","name":"isabelle","image":{"@type":"ImageObject","@id":"https:\/\/www.isabelleastier.com\/#personlogo","inLanguage":"fr-FR","url":"https:\/\/secure.gravatar.com\/avatar\/79ee911a27ab0aaa43be321997ecb101?s=96&d=mm&r=g","contentUrl":"https:\/\/secure.gravatar.com\/avatar\/79ee911a27ab0aaa43be321997ecb101?s=96&d=mm&r=g","caption":"isabelle"},"logo":{"@id":"https:\/\/www.isabelleastier.com\/#personlogo"}}]}},"_links":{"self":[{"href":"https:\/\/www.isabelleastier.com\/index.php\/wp-json\/wp\/v2\/posts\/216"}],"collection":[{"href":"https:\/\/www.isabelleastier.com\/index.php\/wp-json\/wp\/v2\/posts"}],"about":[{"href":"https:\/\/www.isabelleastier.com\/index.php\/wp-json\/wp\/v2\/types\/post"}],"author":[{"embeddable":true,"href":"https:\/\/www.isabelleastier.com\/index.php\/wp-json\/wp\/v2\/users\/1"}],"replies":[{"embeddable":true,"href":"https:\/\/www.isabelleastier.com\/index.php\/wp-json\/wp\/v2\/comments?post=216"}],"version-history":[{"count":11,"href":"https:\/\/www.isabelleastier.com\/index.php\/wp-json\/wp\/v2\/posts\/216\/revisions"}],"predecessor-version":[{"id":382,"href":"https:\/\/www.isabelleastier.com\/index.php\/wp-json\/wp\/v2\/posts\/216\/revisions\/382"}],"wp:featuredmedia":[{"embeddable":true,"href":"https:\/\/www.isabelleastier.com\/index.php\/wp-json\/wp\/v2\/media\/220"}],"wp:attachment":[{"href":"https:\/\/www.isabelleastier.com\/index.php\/wp-json\/wp\/v2\/media?parent=216"}],"wp:term":[{"taxonomy":"category","embeddable":true,"href":"https:\/\/www.isabelleastier.com\/index.php\/wp-json\/wp\/v2\/categories?post=216"},{"taxonomy":"post_tag","embeddable":true,"href":"https:\/\/www.isabelleastier.com\/index.php\/wp-json\/wp\/v2\/tags?post=216"}],"curies":[{"name":"wp","href":"https:\/\/api.w.org\/{rel}","templated":true}]}}