{"id":373,"date":"2019-10-14T20:09:52","date_gmt":"2019-10-14T20:09:52","guid":{"rendered":"http:\/\/www.isabelleastier.com\/?p=373"},"modified":"2020-01-09T16:14:37","modified_gmt":"2020-01-09T16:14:37","slug":"saudade","status":"publish","type":"post","link":"https:\/\/www.isabelleastier.com\/index.php\/2019\/10\/14\/saudade\/","title":{"rendered":"<FONT color=\"white\"> Saudade"},"content":{"rendered":"<div id=\"pl-373\"  class=\"panel-layout\" ><div id=\"pg-373-0\"  class=\"panel-grid panel-no-style\" ><div id=\"pgc-373-0-0\"  class=\"panel-grid-cell\" ><div id=\"panel-373-0-0-0\" class=\"so-panel widget widget_sow-image panel-first-child panel-last-child\" data-index=\"0\" ><div class=\"so-widget-sow-image so-widget-sow-image-default-d6014b76747a-373\">\n\n<div class=\"sow-image-container\">\n\t\t<img decoding=\"async\" src=\"https:\/\/www.isabelleastier.com\/wp-content\/uploads\/2019\/10\/AFFICHE-4.jpg\" width=\"2481\" height=\"3509\" srcset=\"https:\/\/www.isabelleastier.com\/wp-content\/uploads\/2019\/10\/AFFICHE-4.jpg 2481w, https:\/\/www.isabelleastier.com\/wp-content\/uploads\/2019\/10\/AFFICHE-4-212x300.jpg 212w, https:\/\/www.isabelleastier.com\/wp-content\/uploads\/2019\/10\/AFFICHE-4-768x1086.jpg 768w, https:\/\/www.isabelleastier.com\/wp-content\/uploads\/2019\/10\/AFFICHE-4-724x1024.jpg 724w, https:\/\/www.isabelleastier.com\/wp-content\/uploads\/2019\/10\/AFFICHE-4-424x600.jpg 424w, https:\/\/www.isabelleastier.com\/wp-content\/uploads\/2019\/10\/AFFICHE-4-1600x2263.jpg 1600w\" sizes=\"(max-width: 2481px) 100vw, 2481px\" title=\"AFFICHE 4\" alt=\"\" loading=\"lazy\" \t\tclass=\"so-widget-image\"\/>\n\t<\/div>\n\n<\/div><\/div><\/div><div id=\"pgc-373-0-1\"  class=\"panel-grid-cell\" ><div id=\"panel-373-0-1-0\" class=\"so-panel widget widget_sow-image panel-first-child panel-last-child\" data-index=\"1\" ><div class=\"so-widget-sow-image so-widget-sow-image-default-d6014b76747a-373\">\n\n<div class=\"sow-image-container\">\n\t\t<img decoding=\"async\" src=\"https:\/\/www.isabelleastier.com\/wp-content\/uploads\/2019\/10\/AFFICHE-3.jpg\" width=\"2481\" height=\"3509\" srcset=\"https:\/\/www.isabelleastier.com\/wp-content\/uploads\/2019\/10\/AFFICHE-3.jpg 2481w, https:\/\/www.isabelleastier.com\/wp-content\/uploads\/2019\/10\/AFFICHE-3-212x300.jpg 212w, https:\/\/www.isabelleastier.com\/wp-content\/uploads\/2019\/10\/AFFICHE-3-768x1086.jpg 768w, https:\/\/www.isabelleastier.com\/wp-content\/uploads\/2019\/10\/AFFICHE-3-724x1024.jpg 724w, https:\/\/www.isabelleastier.com\/wp-content\/uploads\/2019\/10\/AFFICHE-3-424x600.jpg 424w, https:\/\/www.isabelleastier.com\/wp-content\/uploads\/2019\/10\/AFFICHE-3-1600x2263.jpg 1600w\" sizes=\"(max-width: 2481px) 100vw, 2481px\" title=\"AFFICHE 3\" alt=\"\" loading=\"lazy\" \t\tclass=\"so-widget-image\"\/>\n\t<\/div>\n\n<\/div><\/div><\/div><div id=\"pgc-373-0-2\"  class=\"panel-grid-cell\" ><div id=\"panel-373-0-2-0\" class=\"so-panel widget widget_sow-image panel-first-child panel-last-child\" data-index=\"2\" ><div class=\"so-widget-sow-image so-widget-sow-image-default-d6014b76747a-373\">\n\n<div class=\"sow-image-container\">\n\t\t<img decoding=\"async\" src=\"https:\/\/www.isabelleastier.com\/wp-content\/uploads\/2019\/10\/AFFICHE-163117.jpg\" width=\"2481\" height=\"3509\" srcset=\"https:\/\/www.isabelleastier.com\/wp-content\/uploads\/2019\/10\/AFFICHE-163117.jpg 2481w, https:\/\/www.isabelleastier.com\/wp-content\/uploads\/2019\/10\/AFFICHE-163117-212x300.jpg 212w, https:\/\/www.isabelleastier.com\/wp-content\/uploads\/2019\/10\/AFFICHE-163117-768x1086.jpg 768w, https:\/\/www.isabelleastier.com\/wp-content\/uploads\/2019\/10\/AFFICHE-163117-724x1024.jpg 724w, https:\/\/www.isabelleastier.com\/wp-content\/uploads\/2019\/10\/AFFICHE-163117-424x600.jpg 424w, https:\/\/www.isabelleastier.com\/wp-content\/uploads\/2019\/10\/AFFICHE-163117-1600x2263.jpg 1600w\" sizes=\"(max-width: 2481px) 100vw, 2481px\" title=\"AFFICHE 1\" alt=\"\" loading=\"lazy\" \t\tclass=\"so-widget-image\"\/>\n\t<\/div>\n\n<\/div><\/div><\/div><\/div><div id=\"pg-373-1\"  class=\"panel-grid panel-no-style\" ><div id=\"pgc-373-1-0\"  class=\"panel-grid-cell panel-grid-cell-empty\" ><\/div><div id=\"pgc-373-1-1\"  class=\"panel-grid-cell panel-grid-cell-mobile-last\" ><div id=\"panel-373-1-1-0\" class=\"widget_text so-panel widget widget_custom_html panel-first-child panel-last-child\" data-index=\"3\" ><div class=\"textwidget custom-html-widget\"><FONT color=\"white\"> Cette cr\u00e9ation originale s\u2019inspire de t\u00e9moignages d\u2019habitants du territoire, des com\u00e9diens, et de\nl\u2019accompagnement de l\u2019auteure et metteur en sc\u00e8ne professionnelle Isabelle Astier.\nVous allez vivre y vivre une aventure th\u00e9\u00e2trale et musicale \u00ab extraordinaire \u00bb. Un compte \u00e0 rebours va\ncommencer : celui de l\u2019histoire de CHARLEVAL. Vous allez vous retrouver dans une escale dans le temps, celle\ndes ann\u00e9es 1960 et 1970.\nAu total pr\u00e8s d\u2019une quarantaine de \u00ab Rallumeurs d\u2019Etoiles \u00bb : une \u00e9quipe de 24 Com\u00e9diens de 8 \u00e0 88 ans, des\n\u00e9quipes pour les costumes, les d\u00e9cors et la technique \u2026 et les pr\u00e9cieux t\u00e9moignages d\u2019une vingtaine\nd\u2019habitants de Charleval.\nTous sont port\u00e9s par l\u2019envie de f\u00eater avec vous ces ann\u00e9es riches en \u00e9v\u00e8nements : de l\u2019arriv\u00e9e de\nl\u2019immigration portugaise, aux premiers pas sur la lune, \u00e0 mai 68 et l\u2019arriv\u00e9e de la t\u00e9l\u00e9vision et des y\u00e9y\u00e9s\u2026\nNous souhaitons rendre hommage \u00e0 ces vies, \u00e0 cette m\u00e9moire collective du territoire de Charleval que le\nth\u00e9\u00e2tre est \u00e0 m\u00eame de revivifier et de f\u00eater avec des spectateurs de tous \u00e2ges.\n\tA la salle de Charles IX, le dimanche 20 octobre \u00e0 17h30 heures et le mardi 22 octobre \u00e0 20h30. <br><br>\n\n<\/FONT><\/div><\/div><\/div><div id=\"pgc-373-1-2\"  class=\"panel-grid-cell panel-grid-cell-empty\" ><\/div><\/div><div id=\"pg-373-2\"  class=\"panel-grid panel-no-style\" ><div id=\"pgc-373-2-0\"  class=\"panel-grid-cell panel-grid-cell-empty\" ><\/div><div id=\"pgc-373-2-1\"  class=\"panel-grid-cell panel-grid-cell-mobile-last\" ><div id=\"panel-373-2-1-0\" class=\"widget_text so-panel widget widget_custom_html panel-first-child panel-last-child\" data-index=\"4\" ><div class=\"widget_text panel-widget-style panel-widget-style-for-373-2-1-0\" ><div class=\"textwidget custom-html-widget\"><center><a href=http:\/\/www.isabelleastier.com\/index.php\/revue-de-presse-2\/><b>Voir le teaser<\/b><\/a><\/center><\/div><\/div><\/div><\/div><div id=\"pgc-373-2-2\"  class=\"panel-grid-cell panel-grid-cell-empty\" ><\/div><\/div><div id=\"pg-373-3\"  class=\"panel-grid panel-no-style\" ><div id=\"pgc-373-3-0\"  class=\"panel-grid-cell panel-grid-cell-empty\" ><\/div><div id=\"pgc-373-3-1\"  class=\"panel-grid-cell panel-grid-cell-mobile-last\" ><div id=\"panel-373-3-1-0\" class=\"so-panel widget widget_sow-button panel-first-child panel-last-child\" data-index=\"5\" ><div class=\"panel-widget-style panel-widget-style-for-373-3-1-0\" ><div class=\"so-widget-sow-button so-widget-sow-button-atom-3a850a7da826-373\"><div class=\"ow-button-base ow-button-align-center\">\n\t<a href=\"http:\/\/www.isabelleastier.com\/wp-content\/uploads\/2019\/10\/DOSSIER-DE-PRESSE.pdf\" class=\"ow-icon-placement-left ow-button-hover\" target=\"_blank\" rel=\"noopener noreferrer\" \t\t>\n\t\t<span>\n\t\t\t<span class=\"sow-icon-fontawesome sow-far\" data-sow-icon=\"&#xf1ea;\"\n\t\tstyle=\"color: #000000\" ><\/span>\n\t\t\tDossier de Presse\t\t<\/span>\n\t<\/a>\n<\/div>\n<\/div><\/div><\/div><\/div><div id=\"pgc-373-3-2\"  class=\"panel-grid-cell panel-grid-cell-empty\" ><\/div><\/div><\/div>","protected":false},"excerpt":{"rendered":"<p>Cette cr\u00e9ation originale s\u2019inspire de t\u00e9moignages d\u2019habitants du territoire, des com\u00e9diens, et de l\u2019accompagnement de l\u2019auteure et metteur en sc\u00e8ne professionnelle Isabelle Astier. Vous allez vivre y vivre une aventure th\u00e9\u00e2trale et musicale \u00ab extraordinaire \u00bb. Un compte \u00e0 rebours va commencer : celui de l\u2019histoire de CHARLEVAL. Vous allez vous retrouver dans une escale [&hellip;]<\/p>\n","protected":false},"author":1,"featured_media":393,"comment_status":"closed","ping_status":"closed","sticky":false,"template":"","format":"standard","meta":{"footnotes":""},"categories":[1],"tags":[],"yoast_head":"<!-- This site is optimized with the Yoast SEO plugin v17.2.1 - https:\/\/yoast.com\/wordpress\/plugins\/seo\/ -->\n<title>Saudade - Isabelle Astier<\/title>\n<meta name=\"robots\" content=\"index, follow, max-snippet:-1, max-image-preview:large, max-video-preview:-1\" \/>\n<link rel=\"canonical\" href=\"https:\/\/www.isabelleastier.com\/index.php\/2019\/10\/14\/saudade\/\" \/>\n<meta property=\"og:locale\" content=\"fr_FR\" \/>\n<meta property=\"og:type\" content=\"article\" \/>\n<meta property=\"og:title\" content=\"Saudade - Isabelle Astier\" \/>\n<meta property=\"og:description\" content=\"Cette cr\u00e9ation originale s\u2019inspire de t\u00e9moignages d\u2019habitants du territoire, des com\u00e9diens, et de l\u2019accompagnement de l\u2019auteure et metteur en sc\u00e8ne professionnelle Isabelle Astier. Vous allez vivre y vivre une aventure th\u00e9\u00e2trale et musicale \u00ab extraordinaire \u00bb. Un compte \u00e0 rebours va commencer : celui de l\u2019histoire de CHARLEVAL. Vous allez vous retrouver dans une escale [&hellip;]\" \/>\n<meta property=\"og:url\" content=\"https:\/\/www.isabelleastier.com\/index.php\/2019\/10\/14\/saudade\/\" \/>\n<meta property=\"og:site_name\" content=\"Isabelle Astier\" \/>\n<meta property=\"article:published_time\" content=\"2019-10-14T20:09:52+00:00\" \/>\n<meta property=\"article:modified_time\" content=\"2020-01-09T16:14:37+00:00\" \/>\n<meta property=\"og:image\" content=\"http:\/\/www.isabelleastier.com\/wp-content\/uploads\/2019\/10\/photo-affiche-seul.jpg\" \/>\n\t<meta property=\"og:image:width\" content=\"2352\" \/>\n\t<meta property=\"og:image:height\" content=\"1342\" \/>\n<meta name=\"twitter:card\" content=\"summary_large_image\" \/>\n<meta name=\"twitter:label1\" content=\"\u00c9crit par\" \/>\n\t<meta name=\"twitter:data1\" content=\"isabelle\" \/>\n<script type=\"application\/ld+json\" class=\"yoast-schema-graph\">{\"@context\":\"https:\/\/schema.org\",\"@graph\":[{\"@type\":\"WebSite\",\"@id\":\"https:\/\/www.isabelleastier.com\/#website\",\"url\":\"https:\/\/www.isabelleastier.com\/\",\"name\":\"Isabelle Astier\",\"description\":\"\",\"publisher\":{\"@id\":\"https:\/\/www.isabelleastier.com\/#\/schema\/person\/d7c3df3ea0b25663d696b7832336bb1f\"},\"potentialAction\":[{\"@type\":\"SearchAction\",\"target\":{\"@type\":\"EntryPoint\",\"urlTemplate\":\"https:\/\/www.isabelleastier.com\/?s={search_term_string}\"},\"query-input\":\"required name=search_term_string\"}],\"inLanguage\":\"fr-FR\"},{\"@type\":\"ImageObject\",\"@id\":\"https:\/\/www.isabelleastier.com\/index.php\/2019\/10\/14\/saudade\/#primaryimage\",\"inLanguage\":\"fr-FR\",\"url\":\"https:\/\/www.isabelleastier.com\/wp-content\/uploads\/2019\/10\/photo-affiche-seul.jpg\",\"contentUrl\":\"https:\/\/www.isabelleastier.com\/wp-content\/uploads\/2019\/10\/photo-affiche-seul.jpg\",\"width\":2352,\"height\":1342},{\"@type\":\"WebPage\",\"@id\":\"https:\/\/www.isabelleastier.com\/index.php\/2019\/10\/14\/saudade\/#webpage\",\"url\":\"https:\/\/www.isabelleastier.com\/index.php\/2019\/10\/14\/saudade\/\",\"name\":\"Saudade - Isabelle Astier\",\"isPartOf\":{\"@id\":\"https:\/\/www.isabelleastier.com\/#website\"},\"primaryImageOfPage\":{\"@id\":\"https:\/\/www.isabelleastier.com\/index.php\/2019\/10\/14\/saudade\/#primaryimage\"},\"datePublished\":\"2019-10-14T20:09:52+00:00\",\"dateModified\":\"2020-01-09T16:14:37+00:00\",\"breadcrumb\":{\"@id\":\"https:\/\/www.isabelleastier.com\/index.php\/2019\/10\/14\/saudade\/#breadcrumb\"},\"inLanguage\":\"fr-FR\",\"potentialAction\":[{\"@type\":\"ReadAction\",\"target\":[\"https:\/\/www.isabelleastier.com\/index.php\/2019\/10\/14\/saudade\/\"]}]},{\"@type\":\"BreadcrumbList\",\"@id\":\"https:\/\/www.isabelleastier.com\/index.php\/2019\/10\/14\/saudade\/#breadcrumb\",\"itemListElement\":[{\"@type\":\"ListItem\",\"position\":1,\"name\":\"Accueil\",\"item\":\"https:\/\/www.isabelleastier.com\/\"},{\"@type\":\"ListItem\",\"position\":2,\"name\":\"Saudade\"}]},{\"@type\":\"Article\",\"@id\":\"https:\/\/www.isabelleastier.com\/index.php\/2019\/10\/14\/saudade\/#article\",\"isPartOf\":{\"@id\":\"https:\/\/www.isabelleastier.com\/index.php\/2019\/10\/14\/saudade\/#webpage\"},\"author\":{\"@id\":\"https:\/\/www.isabelleastier.com\/#\/schema\/person\/d7c3df3ea0b25663d696b7832336bb1f\"},\"headline\":\"Saudade\",\"datePublished\":\"2019-10-14T20:09:52+00:00\",\"dateModified\":\"2020-01-09T16:14:37+00:00\",\"mainEntityOfPage\":{\"@id\":\"https:\/\/www.isabelleastier.com\/index.php\/2019\/10\/14\/saudade\/#webpage\"},\"wordCount\":55,\"publisher\":{\"@id\":\"https:\/\/www.isabelleastier.com\/#\/schema\/person\/d7c3df3ea0b25663d696b7832336bb1f\"},\"image\":{\"@id\":\"https:\/\/www.isabelleastier.com\/index.php\/2019\/10\/14\/saudade\/#primaryimage\"},\"thumbnailUrl\":\"https:\/\/www.isabelleastier.com\/wp-content\/uploads\/2019\/10\/photo-affiche-seul.jpg\",\"articleSection\":[\"Uncategorized\"],\"inLanguage\":\"fr-FR\"},{\"@type\":[\"Person\",\"Organization\"],\"@id\":\"https:\/\/www.isabelleastier.com\/#\/schema\/person\/d7c3df3ea0b25663d696b7832336bb1f\",\"name\":\"isabelle\",\"image\":{\"@type\":\"ImageObject\",\"@id\":\"https:\/\/www.isabelleastier.com\/#personlogo\",\"inLanguage\":\"fr-FR\",\"url\":\"https:\/\/secure.gravatar.com\/avatar\/79ee911a27ab0aaa43be321997ecb101?s=96&d=mm&r=g\",\"contentUrl\":\"https:\/\/secure.gravatar.com\/avatar\/79ee911a27ab0aaa43be321997ecb101?s=96&d=mm&r=g\",\"caption\":\"isabelle\"},\"logo\":{\"@id\":\"https:\/\/www.isabelleastier.com\/#personlogo\"}}]}<\/script>\n<!-- \/ Yoast SEO plugin. -->","yoast_head_json":{"title":"Saudade - Isabelle Astier","robots":{"index":"index","follow":"follow","max-snippet":"max-snippet:-1","max-image-preview":"max-image-preview:large","max-video-preview":"max-video-preview:-1"},"canonical":"https:\/\/www.isabelleastier.com\/index.php\/2019\/10\/14\/saudade\/","og_locale":"fr_FR","og_type":"article","og_title":"Saudade - Isabelle Astier","og_description":"Cette cr\u00e9ation originale s\u2019inspire de t\u00e9moignages d\u2019habitants du territoire, des com\u00e9diens, et de l\u2019accompagnement de l\u2019auteure et metteur en sc\u00e8ne professionnelle Isabelle Astier. Vous allez vivre y vivre une aventure th\u00e9\u00e2trale et musicale \u00ab extraordinaire \u00bb. Un compte \u00e0 rebours va commencer : celui de l\u2019histoire de CHARLEVAL. Vous allez vous retrouver dans une escale [&hellip;]","og_url":"https:\/\/www.isabelleastier.com\/index.php\/2019\/10\/14\/saudade\/","og_site_name":"Isabelle Astier","article_published_time":"2019-10-14T20:09:52+00:00","article_modified_time":"2020-01-09T16:14:37+00:00","og_image":[{"width":2352,"height":1342,"url":"http:\/\/www.isabelleastier.com\/wp-content\/uploads\/2019\/10\/photo-affiche-seul.jpg","path":"\/home\/isabelle\/public_html\/wp-content\/uploads\/2019\/10\/photo-affiche-seul.jpg","size":"full","id":393,"alt":"","pixels":3156384,"type":"image\/jpeg"}],"twitter_card":"summary_large_image","twitter_misc":{"\u00c9crit par":"isabelle"},"schema":{"@context":"https:\/\/schema.org","@graph":[{"@type":"WebSite","@id":"https:\/\/www.isabelleastier.com\/#website","url":"https:\/\/www.isabelleastier.com\/","name":"Isabelle Astier","description":"","publisher":{"@id":"https:\/\/www.isabelleastier.com\/#\/schema\/person\/d7c3df3ea0b25663d696b7832336bb1f"},"potentialAction":[{"@type":"SearchAction","target":{"@type":"EntryPoint","urlTemplate":"https:\/\/www.isabelleastier.com\/?s={search_term_string}"},"query-input":"required name=search_term_string"}],"inLanguage":"fr-FR"},{"@type":"ImageObject","@id":"https:\/\/www.isabelleastier.com\/index.php\/2019\/10\/14\/saudade\/#primaryimage","inLanguage":"fr-FR","url":"https:\/\/www.isabelleastier.com\/wp-content\/uploads\/2019\/10\/photo-affiche-seul.jpg","contentUrl":"https:\/\/www.isabelleastier.com\/wp-content\/uploads\/2019\/10\/photo-affiche-seul.jpg","width":2352,"height":1342},{"@type":"WebPage","@id":"https:\/\/www.isabelleastier.com\/index.php\/2019\/10\/14\/saudade\/#webpage","url":"https:\/\/www.isabelleastier.com\/index.php\/2019\/10\/14\/saudade\/","name":"Saudade - Isabelle Astier","isPartOf":{"@id":"https:\/\/www.isabelleastier.com\/#website"},"primaryImageOfPage":{"@id":"https:\/\/www.isabelleastier.com\/index.php\/2019\/10\/14\/saudade\/#primaryimage"},"datePublished":"2019-10-14T20:09:52+00:00","dateModified":"2020-01-09T16:14:37+00:00","breadcrumb":{"@id":"https:\/\/www.isabelleastier.com\/index.php\/2019\/10\/14\/saudade\/#breadcrumb"},"inLanguage":"fr-FR","potentialAction":[{"@type":"ReadAction","target":["https:\/\/www.isabelleastier.com\/index.php\/2019\/10\/14\/saudade\/"]}]},{"@type":"BreadcrumbList","@id":"https:\/\/www.isabelleastier.com\/index.php\/2019\/10\/14\/saudade\/#breadcrumb","itemListElement":[{"@type":"ListItem","position":1,"name":"Accueil","item":"https:\/\/www.isabelleastier.com\/"},{"@type":"ListItem","position":2,"name":"Saudade"}]},{"@type":"Article","@id":"https:\/\/www.isabelleastier.com\/index.php\/2019\/10\/14\/saudade\/#article","isPartOf":{"@id":"https:\/\/www.isabelleastier.com\/index.php\/2019\/10\/14\/saudade\/#webpage"},"author":{"@id":"https:\/\/www.isabelleastier.com\/#\/schema\/person\/d7c3df3ea0b25663d696b7832336bb1f"},"headline":"Saudade","datePublished":"2019-10-14T20:09:52+00:00","dateModified":"2020-01-09T16:14:37+00:00","mainEntityOfPage":{"@id":"https:\/\/www.isabelleastier.com\/index.php\/2019\/10\/14\/saudade\/#webpage"},"wordCount":55,"publisher":{"@id":"https:\/\/www.isabelleastier.com\/#\/schema\/person\/d7c3df3ea0b25663d696b7832336bb1f"},"image":{"@id":"https:\/\/www.isabelleastier.com\/index.php\/2019\/10\/14\/saudade\/#primaryimage"},"thumbnailUrl":"https:\/\/www.isabelleastier.com\/wp-content\/uploads\/2019\/10\/photo-affiche-seul.jpg","articleSection":["Uncategorized"],"inLanguage":"fr-FR"},{"@type":["Person","Organization"],"@id":"https:\/\/www.isabelleastier.com\/#\/schema\/person\/d7c3df3ea0b25663d696b7832336bb1f","name":"isabelle","image":{"@type":"ImageObject","@id":"https:\/\/www.isabelleastier.com\/#personlogo","inLanguage":"fr-FR","url":"https:\/\/secure.gravatar.com\/avatar\/79ee911a27ab0aaa43be321997ecb101?s=96&d=mm&r=g","contentUrl":"https:\/\/secure.gravatar.com\/avatar\/79ee911a27ab0aaa43be321997ecb101?s=96&d=mm&r=g","caption":"isabelle"},"logo":{"@id":"https:\/\/www.isabelleastier.com\/#personlogo"}}]}},"_links":{"self":[{"href":"https:\/\/www.isabelleastier.com\/index.php\/wp-json\/wp\/v2\/posts\/373"}],"collection":[{"href":"https:\/\/www.isabelleastier.com\/index.php\/wp-json\/wp\/v2\/posts"}],"about":[{"href":"https:\/\/www.isabelleastier.com\/index.php\/wp-json\/wp\/v2\/types\/post"}],"author":[{"embeddable":true,"href":"https:\/\/www.isabelleastier.com\/index.php\/wp-json\/wp\/v2\/users\/1"}],"replies":[{"embeddable":true,"href":"https:\/\/www.isabelleastier.com\/index.php\/wp-json\/wp\/v2\/comments?post=373"}],"version-history":[{"count":21,"href":"https:\/\/www.isabelleastier.com\/index.php\/wp-json\/wp\/v2\/posts\/373\/revisions"}],"predecessor-version":[{"id":429,"href":"https:\/\/www.isabelleastier.com\/index.php\/wp-json\/wp\/v2\/posts\/373\/revisions\/429"}],"wp:featuredmedia":[{"embeddable":true,"href":"https:\/\/www.isabelleastier.com\/index.php\/wp-json\/wp\/v2\/media\/393"}],"wp:attachment":[{"href":"https:\/\/www.isabelleastier.com\/index.php\/wp-json\/wp\/v2\/media?parent=373"}],"wp:term":[{"taxonomy":"category","embeddable":true,"href":"https:\/\/www.isabelleastier.com\/index.php\/wp-json\/wp\/v2\/categories?post=373"},{"taxonomy":"post_tag","embeddable":true,"href":"https:\/\/www.isabelleastier.com\/index.php\/wp-json\/wp\/v2\/tags?post=373"}],"curies":[{"name":"wp","href":"https:\/\/api.w.org\/{rel}","templated":true}]}}